{"id":8044,"date":"2021-12-22T23:13:23","date_gmt":"2021-12-22T22:13:23","guid":{"rendered":"https:\/\/eacim-ceramic-implantology.com\/deux-nouveaux-ambassadeurs-eacim-pour-la-suisse-et-lespagne-en-2022\/"},"modified":"2023-01-19T14:28:19","modified_gmt":"2023-01-19T13:28:19","slug":"deux-nouveaux-ambassadeurs-eacim-pour-la-suisse-et-lespagne-en-2022","status":"publish","type":"post","link":"https:\/\/eacim-ceramic-implantology.com\/fr\/deux-nouveaux-ambassadeurs-eacim-pour-la-suisse-et-lespagne-en-2022\/","title":{"rendered":"Deux nouveaux ambassadeurs EACim pour la Suisse et l&rsquo;Espagne en 2022"},"content":{"rendered":"<div class=\"fusion-fullwidth fullwidth-box fusion-builder-row-1 fusion-flex-container nonhundred-percent-fullwidth non-hundred-percent-height-scrolling\" style=\"--awb-border-radius-top-left:0px;--awb-border-radius-top-right:0px;--awb-border-radius-bottom-right:0px;--awb-border-radius-bottom-left:0px;--awb-flex-wrap:wrap;\" ><div class=\"fusion-builder-row fusion-row fusion-flex-align-items-flex-start fusion-flex-content-wrap\" style=\"max-width:1144px;margin-left: calc(-4% \/ 2 );margin-right: calc(-4% \/ 2 );\"><div class=\"fusion-layout-column fusion_builder_column fusion-builder-column-0 fusion_builder_column_1_1 1_1 fusion-flex-column\" style=\"--awb-bg-size:cover;--awb-width-large:100%;--awb-margin-top-large:0px;--awb-spacing-right-large:1.92%;--awb-margin-bottom-large:0px;--awb-spacing-left-large:1.92%;--awb-width-medium:100%;--awb-spacing-right-medium:1.92%;--awb-spacing-left-medium:1.92%;--awb-width-small:100%;--awb-spacing-right-small:1.92%;--awb-spacing-left-small:1.92%;\"><div class=\"fusion-column-wrapper fusion-flex-justify-content-flex-start fusion-content-layout-column\"><div class=\"fusion-text fusion-text-1\" style=\"--awb-text-transform:none;\"><h2>L&rsquo;EACim est tr\u00e8s heureux d&rsquo;accueillir chaleureusement nos deux nouveaux ambassadeurs EACim :<\/h2>\n<h3><strong>&#8211; Norbert Cionca, Ambassadeur pour la Suisse, Responsable de la recherche et des relations internationales.<\/strong><\/h3>\n<p><img decoding=\"async\" class=\" wp-image-6888 alignright\" src=\"https:\/\/eacim-ceramic-implantology.com\/wp-content\/uploads\/2021\/04\/trombi-EACim-ambassador-Cionca.png\" alt=\"\" width=\"250\" height=\"250\" srcset=\"https:\/\/eacim-ceramic-implantology.com\/wp-content\/uploads\/2021\/04\/trombi-EACim-ambassador-Cionca-66x66.png 66w, https:\/\/eacim-ceramic-implantology.com\/wp-content\/uploads\/2021\/04\/trombi-EACim-ambassador-Cionca-100x100.png 100w, https:\/\/eacim-ceramic-implantology.com\/wp-content\/uploads\/2021\/04\/trombi-EACim-ambassador-Cionca-150x150.png 150w, https:\/\/eacim-ceramic-implantology.com\/wp-content\/uploads\/2021\/04\/trombi-EACim-ambassador-Cionca-200x200.png 200w, https:\/\/eacim-ceramic-implantology.com\/wp-content\/uploads\/2021\/04\/trombi-EACim-ambassador-Cionca.png 300w\" sizes=\"(max-width: 250px) 100vw, 250px\" \/>Avec l&rsquo;arriv\u00e9e du Dr Cionca, praticien universitaire et charg\u00e9 de cours au D\u00e9partement de parodontologie et physiopathologie orale de la Facult\u00e9 de m\u00e9decine dentaire de l&rsquo;Universit\u00e9 de Gen\u00e8ve.<\/p>\n<p>La chirurgie mucogingivale, les greffes et l&rsquo;implantologie sont ses principaux th\u00e8mes d&rsquo;enseignement et de recherche.<\/p>\n<p>Avec plus de 11 ans d&rsquo;exp\u00e9rience clinique, le Dr Cionca a acquis une grande expertise en implantologie et dans la gestion des cas parodontaux complexes.<\/p>\n<p>Ces derniers temps, il s&rsquo;est particuli\u00e8rement int\u00e9ress\u00e9 aux probl\u00e8mes de p\u00e9ri-implantite et aux \u00e9tats de surface des implants.<\/p>\n<p>L&rsquo;EACim pourra b\u00e9n\u00e9ficier de son exp\u00e9rience en recherche clinique pour mener des \u00e9tudes multicentriques dans un futur proche.<\/p>\n<p>Le 15 octobre 2022, le Dr Cionca animera un atelier d&rsquo;une journ\u00e9e sur la chirurgie mucogingivale \u00e0 Bruxelles (H\u00f4tel Le Plaza).<\/p>\n<h3><strong>&#8211; Olivier Cheron, Ambassadeur pour l&rsquo;Espagne<\/strong><\/h3>\n<p><img decoding=\"async\" class=\" wp-image-9486 alignright\" src=\"https:\/\/eacim-ceramic-implantology.com\/wp-content\/uploads\/2023\/01\/trombi-EACim-2023-CHERON.gif\" alt=\"\" width=\"250\" height=\"250\" \/>Gr\u00e2ce \u00e0 son exp\u00e9rience en implantologie de la zircone et son \u00ab\u00a0enracinement\u00a0\u00bb \u00e0 Barcelone depuis plus de 15 ans, nous pourrons promouvoir l&rsquo;implantologie c\u00e9ramique et d\u00e9velopper nos liens et nos formations dans la p\u00e9ninsule ib\u00e9rique.<\/p>\n<p>Depuis 2006, il a adopt\u00e9 une approche th\u00e9rapeutique bas\u00e9e sur la dentisterie biologique.<\/p>\n<p>Il pratique l&rsquo;implantologie en zircone depuis de nombreuses ann\u00e9es et a enseign\u00e9 l&rsquo;implantologie \u00e0 l&rsquo;Universit\u00e9 de Barcelone.<\/p>\n<\/div><\/div><\/div><\/div><\/div>\n","protected":false},"excerpt":{"rendered":"","protected":false},"author":1,"featured_media":9570,"comment_status":"open","ping_status":"open","sticky":false,"template":"","format":"standard","meta":{"_price":"","_stock":"","_tribe_ticket_header":"","_tribe_default_ticket_provider":"","_tribe_ticket_capacity":"0","_ticket_start_date":"","_ticket_end_date":"","_tribe_ticket_show_description":"","_tribe_ticket_show_not_going":false,"_tribe_ticket_use_global_stock":"","_tribe_ticket_global_stock_level":"","_global_stock_mode":"","_global_stock_cap":"","_tribe_rsvp_for_event":"","_tribe_ticket_going_count":"","_tribe_ticket_not_going_count":"","_tribe_tickets_list":"[]","_tribe_ticket_has_attendee_info_fields":false,"footnotes":""},"categories":[63],"tags":[688],"class_list":["post-8044","post","type-post","status-publish","format-standard","has-post-thumbnail","hentry","category-nouveaute","tag-ambassadeurs-eacim"],"yoast_head":"<!-- This site is optimized with the Yoast SEO plugin v26.4 - https:\/\/yoast.com\/wordpress\/plugins\/seo\/ -->\n<title>Deux nouveaux ambassadeurs EACim pour la Suisse et l&#039;Espagne en 2022 - EACim<\/title>\n<meta name=\"robots\" content=\"index, follow, max-snippet:-1, max-image-preview:large, max-video-preview:-1\" \/>\n<link rel=\"canonical\" href=\"https:\/\/eacim-ceramic-implantology.com\/fr\/deux-nouveaux-ambassadeurs-eacim-pour-la-suisse-et-lespagne-en-2022\/\" \/>\n<meta property=\"og:locale\" content=\"fr_FR\" \/>\n<meta property=\"og:type\" content=\"article\" \/>\n<meta property=\"og:title\" content=\"Deux nouveaux ambassadeurs EACim pour la Suisse et l&#039;Espagne en 2022 - EACim\" \/>\n<meta property=\"og:url\" content=\"https:\/\/eacim-ceramic-implantology.com\/fr\/deux-nouveaux-ambassadeurs-eacim-pour-la-suisse-et-lespagne-en-2022\/\" \/>\n<meta property=\"og:site_name\" content=\"EACim\" \/>\n<meta property=\"article:published_time\" content=\"2021-12-22T22:13:23+00:00\" \/>\n<meta property=\"article:modified_time\" content=\"2023-01-19T13:28:19+00:00\" \/>\n<meta property=\"og:image\" content=\"https:\/\/eacim-ceramic-implantology.com\/wp-content\/uploads\/2021\/12\/News-ambassadors2021-V2.jpg\" \/>\n\t<meta property=\"og:image:width\" content=\"782\" \/>\n\t<meta property=\"og:image:height\" content=\"500\" \/>\n\t<meta property=\"og:image:type\" content=\"image\/jpeg\" \/>\n<meta name=\"author\" content=\"admin-cgc\" \/>\n<meta name=\"twitter:card\" content=\"summary_large_image\" \/>\n<meta name=\"twitter:label1\" content=\"\u00c9crit par\" \/>\n\t<meta name=\"twitter:data1\" content=\"admin-cgc\" \/>\n\t<meta name=\"twitter:label2\" content=\"Dur\u00e9e de lecture estim\u00e9e\" \/>\n\t<meta name=\"twitter:data2\" content=\"2 minutes\" \/>\n<script type=\"application\/ld+json\" class=\"yoast-schema-graph\">{\"@context\":\"https:\/\/schema.org\",\"@graph\":[{\"@type\":\"WebPage\",\"@id\":\"https:\/\/eacim-ceramic-implantology.com\/fr\/deux-nouveaux-ambassadeurs-eacim-pour-la-suisse-et-lespagne-en-2022\/\",\"url\":\"https:\/\/eacim-ceramic-implantology.com\/fr\/deux-nouveaux-ambassadeurs-eacim-pour-la-suisse-et-lespagne-en-2022\/\",\"name\":\"Deux nouveaux ambassadeurs EACim pour la Suisse et l'Espagne en 2022 - EACim\",\"isPartOf\":{\"@id\":\"https:\/\/3c9a-d050ef7659ec.wptiger.fr\/#website\"},\"primaryImageOfPage\":{\"@id\":\"https:\/\/eacim-ceramic-implantology.com\/fr\/deux-nouveaux-ambassadeurs-eacim-pour-la-suisse-et-lespagne-en-2022\/#primaryimage\"},\"image\":{\"@id\":\"https:\/\/eacim-ceramic-implantology.com\/fr\/deux-nouveaux-ambassadeurs-eacim-pour-la-suisse-et-lespagne-en-2022\/#primaryimage\"},\"thumbnailUrl\":\"https:\/\/eacim-ceramic-implantology.com\/wp-content\/uploads\/2021\/12\/News-ambassadors2021-V2.jpg\",\"datePublished\":\"2021-12-22T22:13:23+00:00\",\"dateModified\":\"2023-01-19T13:28:19+00:00\",\"author\":{\"@id\":\"https:\/\/3c9a-d050ef7659ec.wptiger.fr\/#\/schema\/person\/366d4d159f6b5823c6264609075a039d\"},\"breadcrumb\":{\"@id\":\"https:\/\/eacim-ceramic-implantology.com\/fr\/deux-nouveaux-ambassadeurs-eacim-pour-la-suisse-et-lespagne-en-2022\/#breadcrumb\"},\"inLanguage\":\"fr-FR\",\"potentialAction\":[{\"@type\":\"ReadAction\",\"target\":[\"https:\/\/eacim-ceramic-implantology.com\/fr\/deux-nouveaux-ambassadeurs-eacim-pour-la-suisse-et-lespagne-en-2022\/\"]}]},{\"@type\":\"ImageObject\",\"inLanguage\":\"fr-FR\",\"@id\":\"https:\/\/eacim-ceramic-implantology.com\/fr\/deux-nouveaux-ambassadeurs-eacim-pour-la-suisse-et-lespagne-en-2022\/#primaryimage\",\"url\":\"https:\/\/eacim-ceramic-implantology.com\/wp-content\/uploads\/2021\/12\/News-ambassadors2021-V2.jpg\",\"contentUrl\":\"https:\/\/eacim-ceramic-implantology.com\/wp-content\/uploads\/2021\/12\/News-ambassadors2021-V2.jpg\",\"width\":782,\"height\":500},{\"@type\":\"BreadcrumbList\",\"@id\":\"https:\/\/eacim-ceramic-implantology.com\/fr\/deux-nouveaux-ambassadeurs-eacim-pour-la-suisse-et-lespagne-en-2022\/#breadcrumb\",\"itemListElement\":[{\"@type\":\"ListItem\",\"position\":1,\"name\":\"Accueil\",\"item\":\"https:\/\/eacim-ceramic-implantology.com\/fr\/\"},{\"@type\":\"ListItem\",\"position\":2,\"name\":\"Deux nouveaux ambassadeurs EACim pour la Suisse et l&#8217;Espagne en 2022\"}]},{\"@type\":\"WebSite\",\"@id\":\"https:\/\/3c9a-d050ef7659ec.wptiger.fr\/#website\",\"url\":\"https:\/\/3c9a-d050ef7659ec.wptiger.fr\/\",\"name\":\"EACim\",\"description\":\"European Academy of Ceramic Implantology\",\"potentialAction\":[{\"@type\":\"SearchAction\",\"target\":{\"@type\":\"EntryPoint\",\"urlTemplate\":\"https:\/\/3c9a-d050ef7659ec.wptiger.fr\/?s={search_term_string}\"},\"query-input\":{\"@type\":\"PropertyValueSpecification\",\"valueRequired\":true,\"valueName\":\"search_term_string\"}}],\"inLanguage\":\"fr-FR\"},{\"@type\":\"Person\",\"@id\":\"https:\/\/3c9a-d050ef7659ec.wptiger.fr\/#\/schema\/person\/366d4d159f6b5823c6264609075a039d\",\"name\":\"admin-cgc\",\"image\":{\"@type\":\"ImageObject\",\"inLanguage\":\"fr-FR\",\"@id\":\"https:\/\/3c9a-d050ef7659ec.wptiger.fr\/#\/schema\/person\/image\/\",\"url\":\"https:\/\/secure.gravatar.com\/avatar\/f57470e686a7424060cea8cbdc84068c9f70ee2107b80167760225a683fc86e0?s=96&d=mm&r=g\",\"contentUrl\":\"https:\/\/secure.gravatar.com\/avatar\/f57470e686a7424060cea8cbdc84068c9f70ee2107b80167760225a683fc86e0?s=96&d=mm&r=g\",\"caption\":\"admin-cgc\"},\"url\":\"https:\/\/eacim-ceramic-implantology.com\/fr\/author\/admin-cgc\/\"}]}<\/script>\n<!-- \/ Yoast SEO plugin. -->","yoast_head_json":{"title":"Deux nouveaux ambassadeurs EACim pour la Suisse et l'Espagne en 2022 - EACim","robots":{"index":"index","follow":"follow","max-snippet":"max-snippet:-1","max-image-preview":"max-image-preview:large","max-video-preview":"max-video-preview:-1"},"canonical":"https:\/\/eacim-ceramic-implantology.com\/fr\/deux-nouveaux-ambassadeurs-eacim-pour-la-suisse-et-lespagne-en-2022\/","og_locale":"fr_FR","og_type":"article","og_title":"Deux nouveaux ambassadeurs EACim pour la Suisse et l'Espagne en 2022 - EACim","og_url":"https:\/\/eacim-ceramic-implantology.com\/fr\/deux-nouveaux-ambassadeurs-eacim-pour-la-suisse-et-lespagne-en-2022\/","og_site_name":"EACim","article_published_time":"2021-12-22T22:13:23+00:00","article_modified_time":"2023-01-19T13:28:19+00:00","og_image":[{"width":782,"height":500,"url":"https:\/\/eacim-ceramic-implantology.com\/wp-content\/uploads\/2021\/12\/News-ambassadors2021-V2.jpg","type":"image\/jpeg"}],"author":"admin-cgc","twitter_card":"summary_large_image","twitter_misc":{"\u00c9crit par":"admin-cgc","Dur\u00e9e de lecture estim\u00e9e":"2 minutes"},"schema":{"@context":"https:\/\/schema.org","@graph":[{"@type":"WebPage","@id":"https:\/\/eacim-ceramic-implantology.com\/fr\/deux-nouveaux-ambassadeurs-eacim-pour-la-suisse-et-lespagne-en-2022\/","url":"https:\/\/eacim-ceramic-implantology.com\/fr\/deux-nouveaux-ambassadeurs-eacim-pour-la-suisse-et-lespagne-en-2022\/","name":"Deux nouveaux ambassadeurs EACim pour la Suisse et l'Espagne en 2022 - EACim","isPartOf":{"@id":"https:\/\/3c9a-d050ef7659ec.wptiger.fr\/#website"},"primaryImageOfPage":{"@id":"https:\/\/eacim-ceramic-implantology.com\/fr\/deux-nouveaux-ambassadeurs-eacim-pour-la-suisse-et-lespagne-en-2022\/#primaryimage"},"image":{"@id":"https:\/\/eacim-ceramic-implantology.com\/fr\/deux-nouveaux-ambassadeurs-eacim-pour-la-suisse-et-lespagne-en-2022\/#primaryimage"},"thumbnailUrl":"https:\/\/eacim-ceramic-implantology.com\/wp-content\/uploads\/2021\/12\/News-ambassadors2021-V2.jpg","datePublished":"2021-12-22T22:13:23+00:00","dateModified":"2023-01-19T13:28:19+00:00","author":{"@id":"https:\/\/3c9a-d050ef7659ec.wptiger.fr\/#\/schema\/person\/366d4d159f6b5823c6264609075a039d"},"breadcrumb":{"@id":"https:\/\/eacim-ceramic-implantology.com\/fr\/deux-nouveaux-ambassadeurs-eacim-pour-la-suisse-et-lespagne-en-2022\/#breadcrumb"},"inLanguage":"fr-FR","potentialAction":[{"@type":"ReadAction","target":["https:\/\/eacim-ceramic-implantology.com\/fr\/deux-nouveaux-ambassadeurs-eacim-pour-la-suisse-et-lespagne-en-2022\/"]}]},{"@type":"ImageObject","inLanguage":"fr-FR","@id":"https:\/\/eacim-ceramic-implantology.com\/fr\/deux-nouveaux-ambassadeurs-eacim-pour-la-suisse-et-lespagne-en-2022\/#primaryimage","url":"https:\/\/eacim-ceramic-implantology.com\/wp-content\/uploads\/2021\/12\/News-ambassadors2021-V2.jpg","contentUrl":"https:\/\/eacim-ceramic-implantology.com\/wp-content\/uploads\/2021\/12\/News-ambassadors2021-V2.jpg","width":782,"height":500},{"@type":"BreadcrumbList","@id":"https:\/\/eacim-ceramic-implantology.com\/fr\/deux-nouveaux-ambassadeurs-eacim-pour-la-suisse-et-lespagne-en-2022\/#breadcrumb","itemListElement":[{"@type":"ListItem","position":1,"name":"Accueil","item":"https:\/\/eacim-ceramic-implantology.com\/fr\/"},{"@type":"ListItem","position":2,"name":"Deux nouveaux ambassadeurs EACim pour la Suisse et l&#8217;Espagne en 2022"}]},{"@type":"WebSite","@id":"https:\/\/3c9a-d050ef7659ec.wptiger.fr\/#website","url":"https:\/\/3c9a-d050ef7659ec.wptiger.fr\/","name":"EACim","description":"European Academy of Ceramic Implantology","potentialAction":[{"@type":"SearchAction","target":{"@type":"EntryPoint","urlTemplate":"https:\/\/3c9a-d050ef7659ec.wptiger.fr\/?s={search_term_string}"},"query-input":{"@type":"PropertyValueSpecification","valueRequired":true,"valueName":"search_term_string"}}],"inLanguage":"fr-FR"},{"@type":"Person","@id":"https:\/\/3c9a-d050ef7659ec.wptiger.fr\/#\/schema\/person\/366d4d159f6b5823c6264609075a039d","name":"admin-cgc","image":{"@type":"ImageObject","inLanguage":"fr-FR","@id":"https:\/\/3c9a-d050ef7659ec.wptiger.fr\/#\/schema\/person\/image\/","url":"https:\/\/secure.gravatar.com\/avatar\/f57470e686a7424060cea8cbdc84068c9f70ee2107b80167760225a683fc86e0?s=96&d=mm&r=g","contentUrl":"https:\/\/secure.gravatar.com\/avatar\/f57470e686a7424060cea8cbdc84068c9f70ee2107b80167760225a683fc86e0?s=96&d=mm&r=g","caption":"admin-cgc"},"url":"https:\/\/eacim-ceramic-implantology.com\/fr\/author\/admin-cgc\/"}]}},"_links":{"self":[{"href":"https:\/\/eacim-ceramic-implantology.com\/fr\/wp-json\/wp\/v2\/posts\/8044","targetHints":{"allow":["GET"]}}],"collection":[{"href":"https:\/\/eacim-ceramic-implantology.com\/fr\/wp-json\/wp\/v2\/posts"}],"about":[{"href":"https:\/\/eacim-ceramic-implantology.com\/fr\/wp-json\/wp\/v2\/types\/post"}],"author":[{"embeddable":true,"href":"https:\/\/eacim-ceramic-implantology.com\/fr\/wp-json\/wp\/v2\/users\/1"}],"replies":[{"embeddable":true,"href":"https:\/\/eacim-ceramic-implantology.com\/fr\/wp-json\/wp\/v2\/comments?post=8044"}],"version-history":[{"count":5,"href":"https:\/\/eacim-ceramic-implantology.com\/fr\/wp-json\/wp\/v2\/posts\/8044\/revisions"}],"predecessor-version":[{"id":9573,"href":"https:\/\/eacim-ceramic-implantology.com\/fr\/wp-json\/wp\/v2\/posts\/8044\/revisions\/9573"}],"wp:featuredmedia":[{"embeddable":true,"href":"https:\/\/eacim-ceramic-implantology.com\/fr\/wp-json\/wp\/v2\/media\/9570"}],"wp:attachment":[{"href":"https:\/\/eacim-ceramic-implantology.com\/fr\/wp-json\/wp\/v2\/media?parent=8044"}],"wp:term":[{"taxonomy":"category","embeddable":true,"href":"https:\/\/eacim-ceramic-implantology.com\/fr\/wp-json\/wp\/v2\/categories?post=8044"},{"taxonomy":"post_tag","embeddable":true,"href":"https:\/\/eacim-ceramic-implantology.com\/fr\/wp-json\/wp\/v2\/tags?post=8044"}],"curies":[{"name":"wp","href":"https:\/\/api.w.org\/{rel}","templated":true}]}}